{"id":897,"date":"2019-10-01T16:16:00","date_gmt":"2019-10-01T14:16:00","guid":{"rendered":"https:\/\/fgvt.htwsaar.de\/site\/?p=897"},"modified":"2020-03-03T10:28:33","modified_gmt":"2020-03-03T09:28:33","slug":"wasserstoffbasierte-mobilitaet-start-von-empower","status":"publish","type":"post","link":"https:\/\/fgvt.htwsaar.de\/site\/wasserstoffbasierte-mobilitaet-start-von-empower\/","title":{"rendered":"Wasserstoffbasierte Mobilit\u00e4t \u2013 Start von EM:POWER"},"content":{"rendered":"\n<figure class=\"wp-block-image size-full\"><img loading=\"lazy\" decoding=\"async\" width=\"1197\" height=\"480\" src=\"https:\/\/fgvt.htwsaar.de\/site\/wp-content\/uploads\/2020\/01\/EMPOWER-1197x480-1.jpg\" alt=\"\" class=\"wp-image-898\" srcset=\"https:\/\/fgvt.htwsaar.de\/site\/wp-content\/uploads\/2020\/01\/EMPOWER-1197x480-1.jpg 1197w, https:\/\/fgvt.htwsaar.de\/site\/wp-content\/uploads\/2020\/01\/EMPOWER-1197x480-1-300x120.jpg 300w, https:\/\/fgvt.htwsaar.de\/site\/wp-content\/uploads\/2020\/01\/EMPOWER-1197x480-1-1024x411.jpg 1024w, https:\/\/fgvt.htwsaar.de\/site\/wp-content\/uploads\/2020\/01\/EMPOWER-1197x480-1-768x308.jpg 768w\" sizes=\"auto, (max-width: 1197px) 100vw, 1197px\" \/><\/figure>\n\n\n\n<p><em>Saarbr\u00fccken, 01.10.2019<\/em><\/p>\n\n\n\n<p><a rel=\"noreferrer noopener\" href=\"https:\/\/fgvt.htwsaar.de\/public\/index.php\/empower-2019-2021\/\" target=\"_blank\">EM:POWER<\/a>\n ist ein grundlagen- und anwendungsorientiertes Pilotprojekt zur \nAlltagsnutzung eines wasserstoffbasierten E-Fahrzeugs im l\u00e4ndlichen \nRaum. Untersuchungsgegenst\u00e4nde des Feldtests sind Akzeptanzfaktoren und \nEchtzeitfahrprofildaten von E-Fahrzeugen zur Datenfusion mit \nNutzererfahrungen und zur Visualisierung von CO<sub>2<\/sub>-Ersparnissen im <a rel=\"noreferrer noopener\" href=\"https:\/\/fgvt.htwsaar.de\/public\/index.php\/kosmos-2017-2020\/\" target=\"_blank\">Smart Mobility Atlas<\/a>.<\/p>\n\n\n\n<p>Die aktuellen Entwicklungen im \nForschungsumfeld der Smart Mobility besitzen das Potential, die \nGesellschaft und Wirtschaft grundlegend zu transformieren. Insbesondere \ndie Elektrifizierung des Antriebsstrangs bietet gro\u00dfes Potential, findet\n bislang jedoch vor allem im urbanen Raum Akzeptanz, wohingegen \nl\u00e4ndliche R\u00e4ume aus dem Fokus der Diskussion geraten. Das Aufkommen der \nSmart Mobility k\u00f6nnte das \u00e4ndern. Das Forschungsvorhaben EM:POWER zielt \nvor diesem Hintergrund auf gemeinsame, integrative Forschungsans\u00e4tze der\n Wirtschafts-, Umwelt- und Technikwissenschaften.<\/p>\n\n\n\n<p>Das Forschungsvorhaben EM:POWER setzt \nden Fokus auf die Erprobung konkreter Mobilit\u00e4tsanwendungen mit \nwasserstoffbetriebenen Fahrzeugen. Die Vorgehensweise mittels eines \nbreit angelegten Feldtests sorgt zum einen daf\u00fcr, dass innovative und \nnachhaltige Mobilit\u00e4t der breiten \u00d6ffentlichkeit bekannt und vertraut \ngemacht wird, zum anderen kann darauf aufbauend ein Konzept erarbeitet \nwerden, um einen praxisnahen Beitrag zur Diffusion und Etablierung der \nElektromobilit\u00e4t im Sinne der Nachhaltigkeit und des Klimaschutzes zu \nleisten. Um die in den letzten Jahrzehnten erlernten Verhaltensweisen in\n Bezug auf die individuelle Nutzung des eigenen Pkws mit \nVerbrennungsmotor umzustellen, bedarf es intensiver Kommunikation und \nvielf\u00e4ltiger Erprobungsangebote. Die Elektromobilit\u00e4t kann hier ein \nHebel sein, um die Umstellung in Gang zu setzen. Zudem erm\u00f6glicht sie \ndie Verbindung von regionaler Erzeugung und Nutzung regenerativer \nEnergien. Damit soll es gelingen, die Wertsch\u00f6pfung vor Ort zu erhalten \nund gleichzeitig das Klima zu sch\u00fctzen.<\/p>\n\n\n\n<p>Das Projekt wird gef\u00f6rdert vom Europ\u00e4ischen Fonds f\u00fcr regionale Entwicklung (EFRE) und l\u00e4uft vom 01.10.2019 bis 30.09.2021.<\/p>\n\n\n\n<p>Weitere Informationen finden Sie hier: <a rel=\"noreferrer noopener\" href=\"https:\/\/fgvt.htwsaar.de\/public\/index.php\/empower-2019-2021\/\" target=\"_blank\">EM:POWER<\/a><\/p>\n","protected":false},"excerpt":{"rendered":"<p>Saarbr\u00fccken, 01.10.2019 EM:POWER ist ein grundlagen- und anwendungsorientiertes Pilotprojekt zur Alltagsnutzung eines wasserstoffbasierten E-Fahrzeugs im l\u00e4ndlichen Raum. Untersuchungsgegenst\u00e4nde des Feldtests sind Akzeptanzfaktoren und Echtzeitfahrprofildaten von E-Fahrzeugen zur Datenfusion mit Nutzererfahrungen und zur Visualisierung von CO2-Ersparnissen im Smart Mobility Atlas. Die aktuellen Entwicklungen im Forschungsumfeld der Smart Mobility besitzen das Potential, [&hellip;]<\/p>\n","protected":false},"author":5,"featured_media":1273,"comment_status":"closed","ping_status":"open","sticky":false,"template":"","format":"standard","meta":{"footnotes":""},"categories":[36,1],"tags":[],"class_list":["post-897","post","type-post","status-publish","format-standard","has-post-thumbnail","hentry","category-aktuelles","category-allgemein"],"_links":{"self":[{"href":"https:\/\/fgvt.htwsaar.de\/site\/wp-json\/wp\/v2\/posts\/897","targetHints":{"allow":["GET"]}}],"collection":[{"href":"https:\/\/fgvt.htwsaar.de\/site\/wp-json\/wp\/v2\/posts"}],"about":[{"href":"https:\/\/fgvt.htwsaar.de\/site\/wp-json\/wp\/v2\/types\/post"}],"author":[{"embeddable":true,"href":"https:\/\/fgvt.htwsaar.de\/site\/wp-json\/wp\/v2\/users\/5"}],"replies":[{"embeddable":true,"href":"https:\/\/fgvt.htwsaar.de\/site\/wp-json\/wp\/v2\/comments?post=897"}],"version-history":[{"count":2,"href":"https:\/\/fgvt.htwsaar.de\/site\/wp-json\/wp\/v2\/posts\/897\/revisions"}],"predecessor-version":[{"id":1274,"href":"https:\/\/fgvt.htwsaar.de\/site\/wp-json\/wp\/v2\/posts\/897\/revisions\/1274"}],"wp:featuredmedia":[{"embeddable":true,"href":"https:\/\/fgvt.htwsaar.de\/site\/wp-json\/wp\/v2\/media\/1273"}],"wp:attachment":[{"href":"https:\/\/fgvt.htwsaar.de\/site\/wp-json\/wp\/v2\/media?parent=897"}],"wp:term":[{"taxonomy":"category","embeddable":true,"href":"https:\/\/fgvt.htwsaar.de\/site\/wp-json\/wp\/v2\/categories?post=897"},{"taxonomy":"post_tag","embeddable":true,"href":"https:\/\/fgvt.htwsaar.de\/site\/wp-json\/wp\/v2\/tags?post=897"}],"curies":[{"name":"wp","href":"https:\/\/api.w.org\/{rel}","templated":true}]}}