{"id":805,"date":"2019-01-11T15:49:02","date_gmt":"2019-01-11T14:49:02","guid":{"rendered":"https:\/\/fgvt.htwsaar.de\/site\/?p=805"},"modified":"2020-03-03T10:48:32","modified_gmt":"2020-03-03T09:48:32","slug":"staatskanzlei-foerdert-strategische-weiterentwicklung-des-testfelds","status":"publish","type":"post","link":"https:\/\/fgvt.htwsaar.de\/site\/staatskanzlei-foerdert-strategische-weiterentwicklung-des-testfelds\/","title":{"rendered":"Staatskanzlei f\u00f6rdert strategische Weiterentwicklung des Testfelds"},"content":{"rendered":"\n<figure class=\"wp-block-image size-large\"><img loading=\"lazy\" decoding=\"async\" width=\"1024\" height=\"410\" src=\"https:\/\/fgvt.htwsaar.de\/site\/wp-content\/uploads\/2019\/12\/Forschungskreuzung-Schild-1024x410.jpg\" alt=\"\" class=\"wp-image-806\" srcset=\"https:\/\/fgvt.htwsaar.de\/site\/wp-content\/uploads\/2019\/12\/Forschungskreuzung-Schild-1024x410.jpg 1024w, https:\/\/fgvt.htwsaar.de\/site\/wp-content\/uploads\/2019\/12\/Forschungskreuzung-Schild-300x120.jpg 300w, https:\/\/fgvt.htwsaar.de\/site\/wp-content\/uploads\/2019\/12\/Forschungskreuzung-Schild-768x307.jpg 768w, https:\/\/fgvt.htwsaar.de\/site\/wp-content\/uploads\/2019\/12\/Forschungskreuzung-Schild.jpg 1200w\" sizes=\"auto, (max-width: 1024px) 100vw, 1024px\" \/><\/figure>\n\n\n\n<p><em>Saarbr\u00fccken, 11. Januar 2019<\/em><\/p>\n\n\n\n<p>Die Staatskanzlei f\u00f6rdert auch in den  kommenden drei Jahren die strategische Entwicklung des saarl\u00e4ndischen  Testfelds und gibt damit den Startschuss f\u00fcr das Forschungsprojekt <a href=\"https:\/\/fgvt.htwsaar.de\/site\/saarmos-its-2019-2021\/\">SaarMoS<\/a>.<\/p>\n\n\n\n<p>Ministerpr\u00e4sident Tobias Hans, der sich  vor Ort in Merzig \u00fcber den Fortgang der Arbeiten informierte, erkl\u00e4rte  dazu: \u201eHochvernetztes und autonomes Fahren ist ein bedeutendes  Zukunftsthema f\u00fcr die Automobilindustrie und wichtiger Bestandteil  moderner Mobilit\u00e4t. Mit der Investition werben wir f\u00fcr eine nachhaltige  Mobilit\u00e4tsstrategie und unterst\u00fctzen die Hochschule f\u00fcr Technik und  Wirtschaft darin, den wichtigen Forschungsschwerpunkt zu st\u00e4rken und  weithin sichtbar zu machen.\u201c<\/p>\n\n\n\n<p>Unter der Bezeichnung \u201eSaarMoS-ITS \u2013  Saarl\u00e4ndische Mobilit\u00e4ts-Strategie ITS-Testfeld\u201c sollen k\u00fcnftig in  Merzig M\u00f6glichkeiten f\u00fcr Forschungsarbeiten geschaffen werden, um das  Testfeld strategisch weiter zu entwickeln. Hauptziel ist die Entwicklung  einer nachhaltigen Strategie f\u00fcr das saarl\u00e4ndische Testfeld. Die  gegenseitige Unterst\u00fctzung von Wirtschaft, Wissenschaft und Politik  sowie die Akzeptanz der Bev\u00f6lkerung sind zwingend notwendig, um ein  nachhaltiges Testfeld zu etablieren. Gleichzeitig kann die Forschung im  Rahmen des Testfeldes auch dazu dienen, den Strukturwandel im Saarland  zu f\u00f6rdern und die lokale Wirtschaft durch Wissenstransfer zu  unterst\u00fctzen. Dieser Wissenstransfer hilft den saarl\u00e4ndischen  Unternehmen, sich auf das wandelnde Umfeld in der Mobilit\u00e4t  einzustellen.<\/p>\n","protected":false},"excerpt":{"rendered":"<p>Saarbr\u00fccken, 11. Januar 2019 Die Staatskanzlei f\u00f6rdert auch in den kommenden drei Jahren die strategische Entwicklung des saarl\u00e4ndischen Testfelds und gibt damit den Startschuss f\u00fcr das Forschungsprojekt SaarMoS. Ministerpr\u00e4sident Tobias Hans, der sich vor Ort in Merzig \u00fcber den Fortgang der Arbeiten informierte, erkl\u00e4rte dazu: \u201eHochvernetztes und autonomes Fahren ist [&hellip;]<\/p>\n","protected":false},"author":5,"featured_media":806,"comment_status":"closed","ping_status":"open","sticky":false,"template":"","format":"standard","meta":{"footnotes":""},"categories":[1],"tags":[],"class_list":["post-805","post","type-post","status-publish","format-standard","has-post-thumbnail","hentry","category-allgemein"],"_links":{"self":[{"href":"https:\/\/fgvt.htwsaar.de\/site\/wp-json\/wp\/v2\/posts\/805","targetHints":{"allow":["GET"]}}],"collection":[{"href":"https:\/\/fgvt.htwsaar.de\/site\/wp-json\/wp\/v2\/posts"}],"about":[{"href":"https:\/\/fgvt.htwsaar.de\/site\/wp-json\/wp\/v2\/types\/post"}],"author":[{"embeddable":true,"href":"https:\/\/fgvt.htwsaar.de\/site\/wp-json\/wp\/v2\/users\/5"}],"replies":[{"embeddable":true,"href":"https:\/\/fgvt.htwsaar.de\/site\/wp-json\/wp\/v2\/comments?post=805"}],"version-history":[{"count":1,"href":"https:\/\/fgvt.htwsaar.de\/site\/wp-json\/wp\/v2\/posts\/805\/revisions"}],"predecessor-version":[{"id":807,"href":"https:\/\/fgvt.htwsaar.de\/site\/wp-json\/wp\/v2\/posts\/805\/revisions\/807"}],"wp:featuredmedia":[{"embeddable":true,"href":"https:\/\/fgvt.htwsaar.de\/site\/wp-json\/wp\/v2\/media\/806"}],"wp:attachment":[{"href":"https:\/\/fgvt.htwsaar.de\/site\/wp-json\/wp\/v2\/media?parent=805"}],"wp:term":[{"taxonomy":"category","embeddable":true,"href":"https:\/\/fgvt.htwsaar.de\/site\/wp-json\/wp\/v2\/categories?post=805"},{"taxonomy":"post_tag","embeddable":true,"href":"https:\/\/fgvt.htwsaar.de\/site\/wp-json\/wp\/v2\/tags?post=805"}],"curies":[{"name":"wp","href":"https:\/\/api.w.org\/{rel}","templated":true}]}}