{"id":682,"date":"2019-03-16T15:28:00","date_gmt":"2019-03-16T14:28:00","guid":{"rendered":"https:\/\/fgvt.htwsaar.de\/site\/?p=682"},"modified":"2020-03-03T10:47:49","modified_gmt":"2020-03-03T09:47:49","slug":"bundeswirtschaftsminister-peter-altmaier-zu-besuch-im-testfeld","status":"publish","type":"post","link":"https:\/\/fgvt.htwsaar.de\/site\/bundeswirtschaftsminister-peter-altmaier-zu-besuch-im-testfeld\/","title":{"rendered":"Bundeswirtschaftsminister Peter Altmaier zu Besuch im Testfeld"},"content":{"rendered":"\n<figure class=\"wp-block-image alignwide size-large\"><img loading=\"lazy\" decoding=\"async\" width=\"1024\" height=\"768\" src=\"https:\/\/fgvt.htwsaar.de\/site\/wp-content\/uploads\/2019\/11\/Altmaier-1024x768.jpg\" alt=\"\" class=\"wp-image-954\" srcset=\"https:\/\/fgvt.htwsaar.de\/site\/wp-content\/uploads\/2019\/11\/Altmaier-1024x768.jpg 1024w, https:\/\/fgvt.htwsaar.de\/site\/wp-content\/uploads\/2019\/11\/Altmaier-300x225.jpg 300w, https:\/\/fgvt.htwsaar.de\/site\/wp-content\/uploads\/2019\/11\/Altmaier-768x576.jpg 768w, https:\/\/fgvt.htwsaar.de\/site\/wp-content\/uploads\/2019\/11\/Altmaier-1536x1152.jpg 1536w, https:\/\/fgvt.htwsaar.de\/site\/wp-content\/uploads\/2019\/11\/Altmaier-2048x1536.jpg 2048w\" sizes=\"auto, (max-width: 1024px) 100vw, 1024px\" \/><\/figure>\n\n\n\n<p><em>Merzig, 16. M\u00e4rz 2019<\/em><\/p>\n\n\n\n<p>\n\nBundeswirtschaftsminister Peter Altmaier hat an diesem Wochenende das ITS-Testfeld in Merzig besucht, um sich \u00fcber die Forschungst\u00e4tigkeiten der FGVT und insbesondere \u00fcber die geplanten weiteren Aktivit\u00e4ten zu informieren. Nach einer kurzen Vorstellungen der bisherigen Projekte der Forschungsgruppe im Bereich&nbsp;automatisiertes und vernetztes Fahren konnte er sich im Zuge einer Testfahrt&nbsp;selbst von den vielen M\u00f6glichkeiten der Mobilit\u00e4t der Zukunft \u00fcberzeugen.&nbsp;\n\n<\/p>\n","protected":false},"excerpt":{"rendered":"<p>Merzig, 16. M\u00e4rz 2019 Bundeswirtschaftsminister Peter Altmaier hat an diesem Wochenende das ITS-Testfeld in Merzig besucht, um sich \u00fcber die Forschungst\u00e4tigkeiten der FGVT und insbesondere \u00fcber die geplanten weiteren Aktivit\u00e4ten zu informieren. Nach einer kurzen Vorstellungen der bisherigen Projekte der Forschungsgruppe im Bereich&nbsp;automatisiertes und vernetztes Fahren konnte er sich im [&hellip;]<\/p>\n","protected":false},"author":5,"featured_media":954,"comment_status":"closed","ping_status":"open","sticky":false,"template":"","format":"standard","meta":{"footnotes":""},"categories":[36,1],"tags":[],"class_list":["post-682","post","type-post","status-publish","format-standard","has-post-thumbnail","hentry","category-aktuelles","category-allgemein"],"_links":{"self":[{"href":"https:\/\/fgvt.htwsaar.de\/site\/wp-json\/wp\/v2\/posts\/682","targetHints":{"allow":["GET"]}}],"collection":[{"href":"https:\/\/fgvt.htwsaar.de\/site\/wp-json\/wp\/v2\/posts"}],"about":[{"href":"https:\/\/fgvt.htwsaar.de\/site\/wp-json\/wp\/v2\/types\/post"}],"author":[{"embeddable":true,"href":"https:\/\/fgvt.htwsaar.de\/site\/wp-json\/wp\/v2\/users\/5"}],"replies":[{"embeddable":true,"href":"https:\/\/fgvt.htwsaar.de\/site\/wp-json\/wp\/v2\/comments?post=682"}],"version-history":[{"count":3,"href":"https:\/\/fgvt.htwsaar.de\/site\/wp-json\/wp\/v2\/posts\/682\/revisions"}],"predecessor-version":[{"id":955,"href":"https:\/\/fgvt.htwsaar.de\/site\/wp-json\/wp\/v2\/posts\/682\/revisions\/955"}],"wp:featuredmedia":[{"embeddable":true,"href":"https:\/\/fgvt.htwsaar.de\/site\/wp-json\/wp\/v2\/media\/954"}],"wp:attachment":[{"href":"https:\/\/fgvt.htwsaar.de\/site\/wp-json\/wp\/v2\/media?parent=682"}],"wp:term":[{"taxonomy":"category","embeddable":true,"href":"https:\/\/fgvt.htwsaar.de\/site\/wp-json\/wp\/v2\/categories?post=682"},{"taxonomy":"post_tag","embeddable":true,"href":"https:\/\/fgvt.htwsaar.de\/site\/wp-json\/wp\/v2\/tags?post=682"}],"curies":[{"name":"wp","href":"https:\/\/api.w.org\/{rel}","templated":true}]}}