{"id":555,"date":"2019-01-10T13:50:10","date_gmt":"2019-01-10T12:50:10","guid":{"rendered":"https:\/\/fgvt.htwsaar.de\/site\/?p=555"},"modified":"2020-03-03T10:49:39","modified_gmt":"2020-03-03T09:49:39","slug":"besuch-des-ministerpraesidenten-und-des-innovationsbeauftragten-des-saarlandes","status":"publish","type":"post","link":"https:\/\/fgvt.htwsaar.de\/site\/besuch-des-ministerpraesidenten-und-des-innovationsbeauftragten-des-saarlandes\/","title":{"rendered":"Besuch des Ministerpr\u00e4sidenten und des Innovationsbeauftragten des Saarlandes"},"content":{"rendered":"\n<p><em>Merzig, 11. Januar 2019<\/em><\/p>\n\n\n\n<p>Der Ministerpr\u00e4sident des Saarlandes Tobias Hans hat heute in Merzig das Testfeld der Forschungsgruppe Verkehrstelematik der htw saar besucht. Zusammen mit dem Bevollm\u00e4chtige f\u00fcr Innovation und Strategie, Ammar Alkassar, informierte er sich vor Ort \u00fcber den Fortgang der Forschungsarbeiten im Bereich automatisiertes und vernetztes Fahren. <\/p>\n\n\n\n<p>Nach einer kurzen thematischen Vorstellung der bisherigen Arbeiten der Forschungsgruppe konnten sich beide im Zuge einer Testfahrt selbst von den vielen M\u00f6glichkeiten der Mobilit\u00e4t der Zukunft \u00fcberzeugen. <\/p>\n\n\n\n<p>Tobias Hans betonte: \u201eHoch vernetztes und autonomes Fahren ist ein bedeutendes Zukunftsthema f\u00fcr die Automobilindustrie und wichtiger Bestandteil moderner Mobilit\u00e4t.\u201c<\/p>\n\n\n\n<figure class=\"wp-block-gallery columns-3 is-cropped wp-block-gallery-1 is-layout-flex wp-block-gallery-is-layout-flex\"><ul class=\"blocks-gallery-grid\"><li class=\"blocks-gallery-item\"><figure><img loading=\"lazy\" decoding=\"async\" width=\"1024\" height=\"683\" src=\"https:\/\/fgvt.htwsaar.de\/site\/wp-content\/uploads\/2019\/09\/Besuch_MP_Gallery5_de-1024x683.jpg\" alt=\"\" data-id=\"562\" data-link=\"https:\/\/fgvt.htwsaar.de\/site\/?attachment_id=562\" class=\"wp-image-562\" srcset=\"https:\/\/fgvt.htwsaar.de\/site\/wp-content\/uploads\/2019\/09\/Besuch_MP_Gallery5_de-1024x683.jpg 1024w, https:\/\/fgvt.htwsaar.de\/site\/wp-content\/uploads\/2019\/09\/Besuch_MP_Gallery5_de-300x200.jpg 300w, https:\/\/fgvt.htwsaar.de\/site\/wp-content\/uploads\/2019\/09\/Besuch_MP_Gallery5_de-768x512.jpg 768w, https:\/\/fgvt.htwsaar.de\/site\/wp-content\/uploads\/2019\/09\/Besuch_MP_Gallery5_de-360x240.jpg 360w\" sizes=\"auto, (max-width: 1024px) 100vw, 1024px\" \/><\/figure><\/li><li class=\"blocks-gallery-item\"><figure><img loading=\"lazy\" decoding=\"async\" width=\"1024\" height=\"768\" src=\"https:\/\/fgvt.htwsaar.de\/site\/wp-content\/uploads\/2019\/09\/Besuch_MP_Gallery1_de-1024x768.jpg\" alt=\"\" data-id=\"564\" data-link=\"https:\/\/fgvt.htwsaar.de\/site\/?attachment_id=564\" class=\"wp-image-564\" srcset=\"https:\/\/fgvt.htwsaar.de\/site\/wp-content\/uploads\/2019\/09\/Besuch_MP_Gallery1_de-1024x768.jpg 1024w, https:\/\/fgvt.htwsaar.de\/site\/wp-content\/uploads\/2019\/09\/Besuch_MP_Gallery1_de-300x225.jpg 300w, https:\/\/fgvt.htwsaar.de\/site\/wp-content\/uploads\/2019\/09\/Besuch_MP_Gallery1_de-768x576.jpg 768w\" sizes=\"auto, (max-width: 1024px) 100vw, 1024px\" \/><\/figure><\/li><li class=\"blocks-gallery-item\"><figure><img loading=\"lazy\" decoding=\"async\" width=\"1024\" height=\"683\" src=\"https:\/\/fgvt.htwsaar.de\/site\/wp-content\/uploads\/2019\/09\/Besuch_MP_Gallery4_de-1024x683.jpg\" alt=\"Zwei Forscher stehen neben einem Versuchsfahrzeug.\" data-id=\"560\" data-link=\"https:\/\/fgvt.htwsaar.de\/site\/?attachment_id=560\" class=\"wp-image-560\" srcset=\"https:\/\/fgvt.htwsaar.de\/site\/wp-content\/uploads\/2019\/09\/Besuch_MP_Gallery4_de-1024x683.jpg 1024w, https:\/\/fgvt.htwsaar.de\/site\/wp-content\/uploads\/2019\/09\/Besuch_MP_Gallery4_de-300x200.jpg 300w, https:\/\/fgvt.htwsaar.de\/site\/wp-content\/uploads\/2019\/09\/Besuch_MP_Gallery4_de-768x512.jpg 768w, https:\/\/fgvt.htwsaar.de\/site\/wp-content\/uploads\/2019\/09\/Besuch_MP_Gallery4_de-360x240.jpg 360w\" sizes=\"auto, (max-width: 1024px) 100vw, 1024px\" \/><\/figure><\/li><li class=\"blocks-gallery-item\"><figure><img loading=\"lazy\" decoding=\"async\" width=\"1024\" height=\"683\" src=\"https:\/\/fgvt.htwsaar.de\/site\/wp-content\/uploads\/2019\/09\/Besuch_MP_Gallery3_de-1024x683.jpg\" alt=\"\" data-id=\"558\" data-link=\"https:\/\/fgvt.htwsaar.de\/site\/?attachment_id=558\" class=\"wp-image-558\" srcset=\"https:\/\/fgvt.htwsaar.de\/site\/wp-content\/uploads\/2019\/09\/Besuch_MP_Gallery3_de-1024x683.jpg 1024w, https:\/\/fgvt.htwsaar.de\/site\/wp-content\/uploads\/2019\/09\/Besuch_MP_Gallery3_de-300x200.jpg 300w, https:\/\/fgvt.htwsaar.de\/site\/wp-content\/uploads\/2019\/09\/Besuch_MP_Gallery3_de-768x512.jpg 768w, https:\/\/fgvt.htwsaar.de\/site\/wp-content\/uploads\/2019\/09\/Besuch_MP_Gallery3_de-360x240.jpg 360w\" sizes=\"auto, (max-width: 1024px) 100vw, 1024px\" \/><\/figure><\/li><li class=\"blocks-gallery-item\"><figure><img loading=\"lazy\" decoding=\"async\" width=\"1024\" height=\"683\" src=\"https:\/\/fgvt.htwsaar.de\/site\/wp-content\/uploads\/2019\/09\/Besuch_MP_Gallery2_de-1024x683.jpg\" alt=\"\" data-id=\"556\" data-link=\"https:\/\/fgvt.htwsaar.de\/site\/?attachment_id=556\" class=\"wp-image-556\" srcset=\"https:\/\/fgvt.htwsaar.de\/site\/wp-content\/uploads\/2019\/09\/Besuch_MP_Gallery2_de-1024x683.jpg 1024w, https:\/\/fgvt.htwsaar.de\/site\/wp-content\/uploads\/2019\/09\/Besuch_MP_Gallery2_de-300x200.jpg 300w, https:\/\/fgvt.htwsaar.de\/site\/wp-content\/uploads\/2019\/09\/Besuch_MP_Gallery2_de-768x512.jpg 768w, https:\/\/fgvt.htwsaar.de\/site\/wp-content\/uploads\/2019\/09\/Besuch_MP_Gallery2_de-360x240.jpg 360w\" sizes=\"auto, (max-width: 1024px) 100vw, 1024px\" \/><\/figure><\/li><li class=\"blocks-gallery-item\"><figure><img loading=\"lazy\" decoding=\"async\" width=\"1024\" height=\"683\" src=\"https:\/\/fgvt.htwsaar.de\/site\/wp-content\/uploads\/2019\/09\/Besuch_MP_ImAuto_de-1024x683.jpg\" alt=\"Ministerpr\u00e4sident Tobias Hans im Fond eines Autos.\" data-id=\"566\" data-link=\"https:\/\/fgvt.htwsaar.de\/site\/?attachment_id=566\" class=\"wp-image-566\" srcset=\"https:\/\/fgvt.htwsaar.de\/site\/wp-content\/uploads\/2019\/09\/Besuch_MP_ImAuto_de-1024x683.jpg 1024w, https:\/\/fgvt.htwsaar.de\/site\/wp-content\/uploads\/2019\/09\/Besuch_MP_ImAuto_de-300x200.jpg 300w, https:\/\/fgvt.htwsaar.de\/site\/wp-content\/uploads\/2019\/09\/Besuch_MP_ImAuto_de-768x512.jpg 768w, https:\/\/fgvt.htwsaar.de\/site\/wp-content\/uploads\/2019\/09\/Besuch_MP_ImAuto_de-360x240.jpg 360w\" sizes=\"auto, (max-width: 1024px) 100vw, 1024px\" \/><\/figure><\/li><\/ul><\/figure>\n\n\n\n<p>Fotohinweis: Staatskanzlei\/LvH<\/p>\n","protected":false},"excerpt":{"rendered":"<p>Merzig, 11. Januar 2019 Der Ministerpr\u00e4sident des Saarlandes Tobias Hans hat heute in Merzig das Testfeld der Forschungsgruppe Verkehrstelematik der htw saar besucht. Zusammen mit dem Bevollm\u00e4chtige f\u00fcr Innovation und Strategie, Ammar Alkassar, informierte er sich vor Ort \u00fcber den Fortgang der Forschungsarbeiten im Bereich automatisiertes und vernetztes Fahren. Nach [&hellip;]<\/p>\n","protected":false},"author":5,"featured_media":566,"comment_status":"closed","ping_status":"open","sticky":false,"template":"","format":"standard","meta":{"footnotes":""},"categories":[1],"tags":[],"class_list":["post-555","post","type-post","status-publish","format-standard","has-post-thumbnail","hentry","category-allgemein"],"_links":{"self":[{"href":"https:\/\/fgvt.htwsaar.de\/site\/wp-json\/wp\/v2\/posts\/555","targetHints":{"allow":["GET"]}}],"collection":[{"href":"https:\/\/fgvt.htwsaar.de\/site\/wp-json\/wp\/v2\/posts"}],"about":[{"href":"https:\/\/fgvt.htwsaar.de\/site\/wp-json\/wp\/v2\/types\/post"}],"author":[{"embeddable":true,"href":"https:\/\/fgvt.htwsaar.de\/site\/wp-json\/wp\/v2\/users\/5"}],"replies":[{"embeddable":true,"href":"https:\/\/fgvt.htwsaar.de\/site\/wp-json\/wp\/v2\/comments?post=555"}],"version-history":[{"count":3,"href":"https:\/\/fgvt.htwsaar.de\/site\/wp-json\/wp\/v2\/posts\/555\/revisions"}],"predecessor-version":[{"id":1279,"href":"https:\/\/fgvt.htwsaar.de\/site\/wp-json\/wp\/v2\/posts\/555\/revisions\/1279"}],"wp:featuredmedia":[{"embeddable":true,"href":"https:\/\/fgvt.htwsaar.de\/site\/wp-json\/wp\/v2\/media\/566"}],"wp:attachment":[{"href":"https:\/\/fgvt.htwsaar.de\/site\/wp-json\/wp\/v2\/media?parent=555"}],"wp:term":[{"taxonomy":"category","embeddable":true,"href":"https:\/\/fgvt.htwsaar.de\/site\/wp-json\/wp\/v2\/categories?post=555"},{"taxonomy":"post_tag","embeddable":true,"href":"https:\/\/fgvt.htwsaar.de\/site\/wp-json\/wp\/v2\/tags?post=555"}],"curies":[{"name":"wp","href":"https:\/\/api.w.org\/{rel}","templated":true}]}}