{"id":2193,"date":"2021-09-10T14:27:57","date_gmt":"2021-09-10T12:27:57","guid":{"rendered":"https:\/\/fgvt.htwsaar.de\/site\/?p=2193"},"modified":"2021-09-10T14:28:59","modified_gmt":"2021-09-10T12:28:59","slug":"automatisiert-und-sicher-tag-der-offenen-tuer-des-projektes-terminal","status":"publish","type":"post","link":"https:\/\/fgvt.htwsaar.de\/site\/automatisiert-und-sicher-tag-der-offenen-tuer-des-projektes-terminal\/","title":{"rendered":"Automatisiert und sicher: Tag der Offenen T\u00fcr des Projektes TERMINAL"},"content":{"rendered":"\n<figure class=\"wp-block-image size-large\"><img loading=\"lazy\" decoding=\"async\" width=\"1024\" height=\"768\" src=\"https:\/\/fgvt.htwsaar.de\/site\/wp-content\/uploads\/2021\/09\/20210904_115806-1024x768.jpg\" alt=\"\" class=\"wp-image-2194\" srcset=\"https:\/\/fgvt.htwsaar.de\/site\/wp-content\/uploads\/2021\/09\/20210904_115806-1024x768.jpg 1024w, https:\/\/fgvt.htwsaar.de\/site\/wp-content\/uploads\/2021\/09\/20210904_115806-300x225.jpg 300w, https:\/\/fgvt.htwsaar.de\/site\/wp-content\/uploads\/2021\/09\/20210904_115806-768x576.jpg 768w, https:\/\/fgvt.htwsaar.de\/site\/wp-content\/uploads\/2021\/09\/20210904_115806-1536x1152.jpg 1536w, https:\/\/fgvt.htwsaar.de\/site\/wp-content\/uploads\/2021\/09\/20210904_115806.jpg 1600w\" sizes=\"auto, (max-width: 1024px) 100vw, 1024px\" \/><figcaption> \u00a9 htw saar<\/figcaption><\/figure>\n\n\n\n<p><em>\u00dcberherrn, 4. September 2021<\/em><\/p>\n\n\n\n<p>Bei bestem Wetter fand am 4. September 2021 der Tag der Offenen T\u00fcr des Projektes TERMINAL in \u00dcberherrn statt.<\/p>\n\n\n\n<p>Die durch die htw saar und das Ministerium f\u00fcr Wirtschaft, Arbeit, Energie und Verkehr des Saarlandes organisierte Veranstaltung war eine Gelegenheit f\u00fcr die B\u00fcrgerinnen und B\u00fcrger, das Projekt TERMINAL mit den praktischen Feldversuchen kennenzulernen. Das Projektteam konnte die Interessierten gleichzeitig f\u00fcr innovative Verkehrsl\u00f6sungen sensibilisieren.<\/p>\n\n\n\n<p>Alle B\u00fcrger*innen hatten die Gelegenheit, mit einem Tesla Model X bei aktiviertem Autopiloten mitzufahren und sich so selbst ein Bild von einem automatisierten Shuttleservice zu machen. Dieses Angebot haben \u00fcber 30 Personen genutzt: Ger\u00e4uschlos und voller Spannung fuhren sie los und kamen nach einer zehnmin\u00fctigen Fahrt zufrieden zur\u00fcck. Insbesondere der hohe Komfort und die leise Fahrweise wurden als ein gro\u00dfes Plus im Vergleich zu herk\u00f6mmlichen \u00f6ffentlichen Verkehrsmitteln wahrgenommen. Die Passagiere konnten auch feststellen, wo die Grenzen der Automatisierung liegen. Dennoch w\u00fcrden sie automatisiertes Fahren auch Freunden, Familie und Kolleg*innen weiterempfehlen, wie sie in der Umfrage angaben.<\/p>\n\n\n\n<p>Unter den Fahrg\u00e4sten waren auch die Unterst\u00fctzer*innen des Projekts vertreten: die B\u00fcrgermeisterin von \u00dcberherrn Yliniva Hoffmann und der Ortsvorsteher Arno Zenner sowie Jean-Paul Dastillung, Pr\u00e4sident des Gemeindeverbands Warndt (Frankreich), und seine Mitarbeiter*innen konnten an einer Probefahrt teilnehmen und sich im Anschluss mit den Projektverantwortlichen und dem \u00f6rtlichen Busbetreiber (Andreas Michel, Gesch\u00e4ftsf\u00fchrer der KVS GmbH) zur potenziellen Gestaltung des k\u00fcnftigen \u00d6PNV-Angebots unterhalten.<\/p>\n\n\n\n<figure class=\"wp-block-image size-large\"><img loading=\"lazy\" decoding=\"async\" width=\"1024\" height=\"768\" src=\"https:\/\/fgvt.htwsaar.de\/site\/wp-content\/uploads\/2021\/09\/20210904_133100-1024x768.jpg\" alt=\"\" class=\"wp-image-2202\" srcset=\"https:\/\/fgvt.htwsaar.de\/site\/wp-content\/uploads\/2021\/09\/20210904_133100-1024x768.jpg 1024w, https:\/\/fgvt.htwsaar.de\/site\/wp-content\/uploads\/2021\/09\/20210904_133100-300x225.jpg 300w, https:\/\/fgvt.htwsaar.de\/site\/wp-content\/uploads\/2021\/09\/20210904_133100-768x576.jpg 768w, https:\/\/fgvt.htwsaar.de\/site\/wp-content\/uploads\/2021\/09\/20210904_133100-1536x1152.jpg 1536w, https:\/\/fgvt.htwsaar.de\/site\/wp-content\/uploads\/2021\/09\/20210904_133100.jpg 1600w\" sizes=\"auto, (max-width: 1024px) 100vw, 1024px\" \/><figcaption> Eine regelm\u00e4\u00dfige Nutzerin des Shuttleservices, Prof. Dr. Horst Wieker und Anke Rehlinger im Gespr\u00e4ch \u00a9 htw saar <\/figcaption><\/figure>\n\n\n\n<p>Am fr\u00fchen Nachmittag hat die saarl\u00e4ndische Verkehrsministerin, Anke Rehlinger, dem Projektstand einen Besuch abgestattet. Neben einer Probefahrt mit einem der Projektverantwortlichen, Herr Prof. Dr. Horst Wieker (Leiter der Forschungsgruppe f\u00fcr Verkehrstelematik, htw saar) konnte die Ministerin auch Feedback der Berufspendler aus erster Hand erhalten: Giovanna Stambene f\u00e4hrt seit Beginn des operativen Testversuchs und ist begeistert: \u201eIch lebe in Frankreich und arbeite auf dem H\u00e4sfeld und ich finde es wirklich super, dass solch ein grenz\u00fcberschreitendes Angebot zustande kommt.\u201c Auf die Frage der Ministerin, ob sie je eine kritische Situation erlebt hat, in welcher sie sich unsicher gef\u00fchlt hat, antwortet Giovanna: \u201e\u00dcberhaupt nicht, ein Unfall kann mir mit meinem eigenen PKW passieren. Hier sind die Fahrer zur Sicherheit noch da und ich komme total entspannt auf der Arbeit an!\u201c <\/p>\n\n\n\n<p>Auch ein weiterer \u00fcberzeugter Proband, Christian Paulus, der seine Familie mitgebracht hatte, teilte dem Projektteam mit, dass er es bedauere, dass die praktische Phase in drei Wochen bereits zu Ende gehe. Er werde den Shuttleservice vermissen. Eine Aussage, die die Ministerin dazu veranlasste, den Stand mit einem positiven Blick in die Zukunft zu verlassen: \u201d Ich bin froh, dass wir jetzt in der praktischen Phase des Projekts angekommen sind und einen sch\u00f6nen Demonstrator des automatisierten Fahrens im Saarland zeigen k\u00f6nnen.\u201d<\/p>\n\n\n\n<figure class=\"wp-block-gallery columns-2 is-cropped\"><ul class=\"blocks-gallery-grid\"><li class=\"blocks-gallery-item\"><figure><img loading=\"lazy\" decoding=\"async\" width=\"1024\" height=\"768\" src=\"https:\/\/fgvt.htwsaar.de\/site\/wp-content\/uploads\/2021\/09\/20210904_100516-1024x768.jpg\" alt=\"\" data-id=\"2196\" data-full-url=\"https:\/\/fgvt.htwsaar.de\/site\/wp-content\/uploads\/2021\/09\/20210904_100516.jpg\" data-link=\"https:\/\/fgvt.htwsaar.de\/site\/?attachment_id=2196\" class=\"wp-image-2196\" srcset=\"https:\/\/fgvt.htwsaar.de\/site\/wp-content\/uploads\/2021\/09\/20210904_100516-1024x768.jpg 1024w, https:\/\/fgvt.htwsaar.de\/site\/wp-content\/uploads\/2021\/09\/20210904_100516-300x225.jpg 300w, https:\/\/fgvt.htwsaar.de\/site\/wp-content\/uploads\/2021\/09\/20210904_100516-768x576.jpg 768w, https:\/\/fgvt.htwsaar.de\/site\/wp-content\/uploads\/2021\/09\/20210904_100516-1536x1152.jpg 1536w, https:\/\/fgvt.htwsaar.de\/site\/wp-content\/uploads\/2021\/09\/20210904_100516.jpg 1600w\" sizes=\"auto, (max-width: 1024px) 100vw, 1024px\" \/><figcaption class=\"blocks-gallery-item__caption\">Tesla Testfahrzeug<\/figcaption><\/figure><\/li><li class=\"blocks-gallery-item\"><figure><img loading=\"lazy\" decoding=\"async\" width=\"1024\" height=\"768\" src=\"https:\/\/fgvt.htwsaar.de\/site\/wp-content\/uploads\/2021\/09\/20210904_133816-1-1024x768.jpg\" alt=\"\" data-id=\"2198\" data-full-url=\"https:\/\/fgvt.htwsaar.de\/site\/wp-content\/uploads\/2021\/09\/20210904_133816-1.jpg\" data-link=\"https:\/\/fgvt.htwsaar.de\/site\/?attachment_id=2198\" class=\"wp-image-2198\" srcset=\"https:\/\/fgvt.htwsaar.de\/site\/wp-content\/uploads\/2021\/09\/20210904_133816-1-1024x768.jpg 1024w, https:\/\/fgvt.htwsaar.de\/site\/wp-content\/uploads\/2021\/09\/20210904_133816-1-300x225.jpg 300w, https:\/\/fgvt.htwsaar.de\/site\/wp-content\/uploads\/2021\/09\/20210904_133816-1-768x576.jpg 768w, https:\/\/fgvt.htwsaar.de\/site\/wp-content\/uploads\/2021\/09\/20210904_133816-1-1536x1152.jpg 1536w, https:\/\/fgvt.htwsaar.de\/site\/wp-content\/uploads\/2021\/09\/20210904_133816-1.jpg 1600w\" sizes=\"auto, (max-width: 1024px) 100vw, 1024px\" \/><figcaption class=\"blocks-gallery-item__caption\">Organisationsteam<\/figcaption><\/figure><\/li><li class=\"blocks-gallery-item\"><figure><img loading=\"lazy\" decoding=\"async\" width=\"1024\" height=\"768\" src=\"https:\/\/fgvt.htwsaar.de\/site\/wp-content\/uploads\/2021\/09\/20210904_111119-1024x768.jpg\" alt=\"\" data-id=\"2197\" data-full-url=\"https:\/\/fgvt.htwsaar.de\/site\/wp-content\/uploads\/2021\/09\/20210904_111119.jpg\" data-link=\"https:\/\/fgvt.htwsaar.de\/site\/?attachment_id=2197\" class=\"wp-image-2197\" srcset=\"https:\/\/fgvt.htwsaar.de\/site\/wp-content\/uploads\/2021\/09\/20210904_111119-1024x768.jpg 1024w, https:\/\/fgvt.htwsaar.de\/site\/wp-content\/uploads\/2021\/09\/20210904_111119-300x225.jpg 300w, https:\/\/fgvt.htwsaar.de\/site\/wp-content\/uploads\/2021\/09\/20210904_111119-768x576.jpg 768w, https:\/\/fgvt.htwsaar.de\/site\/wp-content\/uploads\/2021\/09\/20210904_111119-1536x1152.jpg 1536w, https:\/\/fgvt.htwsaar.de\/site\/wp-content\/uploads\/2021\/09\/20210904_111119.jpg 1600w\" sizes=\"auto, (max-width: 1024px) 100vw, 1024px\" \/><figcaption class=\"blocks-gallery-item__caption\">B\u00fcrgermeisterin von \u00dcberherrn, Frau Yliniva Hoffmann, und Ortvorsteher Arno Zenner freuen sich \u00fcber die Testfahrt<\/figcaption><\/figure><\/li><li class=\"blocks-gallery-item\"><figure><img loading=\"lazy\" decoding=\"async\" width=\"1024\" height=\"768\" src=\"https:\/\/fgvt.htwsaar.de\/site\/wp-content\/uploads\/2021\/09\/20210904_134901-1024x768.jpg\" alt=\"\" data-id=\"2199\" data-full-url=\"https:\/\/fgvt.htwsaar.de\/site\/wp-content\/uploads\/2021\/09\/20210904_134901.jpg\" data-link=\"https:\/\/fgvt.htwsaar.de\/site\/?attachment_id=2199\" class=\"wp-image-2199\" srcset=\"https:\/\/fgvt.htwsaar.de\/site\/wp-content\/uploads\/2021\/09\/20210904_134901-1024x768.jpg 1024w, https:\/\/fgvt.htwsaar.de\/site\/wp-content\/uploads\/2021\/09\/20210904_134901-300x225.jpg 300w, https:\/\/fgvt.htwsaar.de\/site\/wp-content\/uploads\/2021\/09\/20210904_134901-768x576.jpg 768w, https:\/\/fgvt.htwsaar.de\/site\/wp-content\/uploads\/2021\/09\/20210904_134901-1536x1152.jpg 1536w, https:\/\/fgvt.htwsaar.de\/site\/wp-content\/uploads\/2021\/09\/20210904_134901.jpg 1600w\" sizes=\"auto, (max-width: 1024px) 100vw, 1024px\" \/><figcaption class=\"blocks-gallery-item__caption\">Ministerin f\u00fcr Wirtschaft, Arbeit, Energie und Verkehr des Saarlandes Anke Rehlinger und  Prof. Dr. Horst Wieker (FGVT)  bereiten sich f\u00fcr die Probefahrt vor<\/figcaption><\/figure><\/li><\/ul><\/figure>\n\n\n\n<p>Mehr Bilder auf der <a href=\"https:\/\/terminal-interreg.eu\/news\/automatisiert-und-sicher-forschungsprojekt-terminal-lud-zur-probefahrt-ein\/\" data-type=\"URL\" data-id=\"https:\/\/terminal-interreg.eu\/news\/automatisiert-und-sicher-forschungsprojekt-terminal-lud-zur-probefahrt-ein\/\">Webseite des Projektes TERMINAL<\/a><\/p>\n","protected":false},"excerpt":{"rendered":"<p>\u00dcberherrn, 4. September 2021 Bei bestem Wetter fand am 4. September 2021 der Tag der Offenen T\u00fcr des Projektes TERMINAL in \u00dcberherrn statt. Die durch die htw saar und das Ministerium f\u00fcr Wirtschaft, Arbeit, Energie und Verkehr des Saarlandes organisierte Veranstaltung war eine Gelegenheit f\u00fcr die B\u00fcrgerinnen und B\u00fcrger, das [&hellip;]<\/p>\n","protected":false},"author":13,"featured_media":2194,"comment_status":"closed","ping_status":"open","sticky":false,"template":"","format":"standard","meta":{"footnotes":""},"categories":[36,1],"tags":[],"class_list":["post-2193","post","type-post","status-publish","format-standard","has-post-thumbnail","hentry","category-aktuelles","category-allgemein"],"_links":{"self":[{"href":"https:\/\/fgvt.htwsaar.de\/site\/wp-json\/wp\/v2\/posts\/2193","targetHints":{"allow":["GET"]}}],"collection":[{"href":"https:\/\/fgvt.htwsaar.de\/site\/wp-json\/wp\/v2\/posts"}],"about":[{"href":"https:\/\/fgvt.htwsaar.de\/site\/wp-json\/wp\/v2\/types\/post"}],"author":[{"embeddable":true,"href":"https:\/\/fgvt.htwsaar.de\/site\/wp-json\/wp\/v2\/users\/13"}],"replies":[{"embeddable":true,"href":"https:\/\/fgvt.htwsaar.de\/site\/wp-json\/wp\/v2\/comments?post=2193"}],"version-history":[{"count":5,"href":"https:\/\/fgvt.htwsaar.de\/site\/wp-json\/wp\/v2\/posts\/2193\/revisions"}],"predecessor-version":[{"id":2205,"href":"https:\/\/fgvt.htwsaar.de\/site\/wp-json\/wp\/v2\/posts\/2193\/revisions\/2205"}],"wp:featuredmedia":[{"embeddable":true,"href":"https:\/\/fgvt.htwsaar.de\/site\/wp-json\/wp\/v2\/media\/2194"}],"wp:attachment":[{"href":"https:\/\/fgvt.htwsaar.de\/site\/wp-json\/wp\/v2\/media?parent=2193"}],"wp:term":[{"taxonomy":"category","embeddable":true,"href":"https:\/\/fgvt.htwsaar.de\/site\/wp-json\/wp\/v2\/categories?post=2193"},{"taxonomy":"post_tag","embeddable":true,"href":"https:\/\/fgvt.htwsaar.de\/site\/wp-json\/wp\/v2\/tags?post=2193"}],"curies":[{"name":"wp","href":"https:\/\/api.w.org\/{rel}","templated":true}]}}