{"id":2059,"date":"2020-12-11T11:24:28","date_gmt":"2020-12-11T10:24:28","guid":{"rendered":"https:\/\/fgvt.htwsaar.de\/site\/?p=2059"},"modified":"2020-12-14T10:28:31","modified_gmt":"2020-12-14T09:28:31","slug":"auftaktveranstaltung-horizont-europa","status":"publish","type":"post","link":"https:\/\/fgvt.htwsaar.de\/site\/auftaktveranstaltung-horizont-europa\/","title":{"rendered":"Auftaktveranstaltung Horizont Europa"},"content":{"rendered":"\n<p>Heute vertritt die Forschungsgruppe Verkehrstelematik das Projekt <a href=\"https:\/\/fgvt.htwsaar.de\/site\/c-mobile-2017-2021\/\" data-type=\"URL\" data-id=\"https:\/\/fgvt.htwsaar.de\/site\/c-mobile-2017-2021\/\">C-MobILE<\/a> als auch <a href=\"https:\/\/fgvt.htwsaar.de\/site\/5gcroco-2018-2021\/\" data-type=\"URL\" data-id=\"https:\/\/fgvt.htwsaar.de\/site\/5gcroco-2018-2021\/\">5G CroCo<\/a> auf der virtuellen <a href=\"https:\/\/www.route2025.eu\/auftaktveranstaltung\/ueberblick\" data-type=\"URL\" data-id=\"https:\/\/www.route2025.eu\/auftaktveranstaltung\/ueberblick\">Auftaktveranstaltung Horizont Europa<\/a>. Thema der Veranstaltung ist &#8222;<em>Forschung und Innovation f\u00fcr ein besseres Europa &#8211; Chancen und Erwartungen aus saarl\u00e4ndischer Sicht<\/em>&#8220; und dient der Darstellung von Horizont 2020 Projekten mit saarl\u00e4ndischer Beteiligung. Weiterhin wird das Nachfolgeprogramm <a href=\"https:\/\/www.route2025.eu\/informieren\/horizont-europa\" data-type=\"URL\" data-id=\"https:\/\/www.route2025.eu\/informieren\/horizont-europa\">Horizont Europa<\/a> in diesem Rahmen vorgestellt.<\/p>\n\n\n\n<p>Eindr\u00fccke zum Messestand und die dort ausgelegten Informationen und Flyer hier im Folgenden.<\/p>\n\n\n\n<p>Beide St\u00e4nde sind noch besuchbar \u00fcber die folgenden Links:<\/p>\n\n\n\n<p><a href=\"https:\/\/www.route2025.eu\/\">Eingangshalle Horizont Europa:<\/a><\/p>\n\n\n\n<figure class=\"wp-block-image size-large\"><a href=\"https:\/\/www.route2025.eu\/\"><img loading=\"lazy\" decoding=\"async\" width=\"1024\" height=\"486\" src=\"https:\/\/fgvt.htwsaar.de\/site\/wp-content\/uploads\/2020\/12\/Route2025_2-1024x486.jpg\" alt=\"\" class=\"wp-image-2077\" srcset=\"https:\/\/fgvt.htwsaar.de\/site\/wp-content\/uploads\/2020\/12\/Route2025_2-1024x486.jpg 1024w, https:\/\/fgvt.htwsaar.de\/site\/wp-content\/uploads\/2020\/12\/Route2025_2-300x143.jpg 300w, https:\/\/fgvt.htwsaar.de\/site\/wp-content\/uploads\/2020\/12\/Route2025_2-768x365.jpg 768w, https:\/\/fgvt.htwsaar.de\/site\/wp-content\/uploads\/2020\/12\/Route2025_2-1536x730.jpg 1536w, https:\/\/fgvt.htwsaar.de\/site\/wp-content\/uploads\/2020\/12\/Route2025_2.jpg 1903w\" sizes=\"auto, (max-width: 1024px) 100vw, 1024px\" \/><\/a><\/figure>\n\n\n\n<p><a href=\"https:\/\/route2025.expo-ip.com\/stand\/1108\" data-type=\"URL\" data-id=\"https:\/\/route2025.expo-ip.com\/stand\/1108\">Messestand von C-MobILE<\/a>:<\/p>\n\n\n\n<figure class=\"wp-block-image size-large\"><img loading=\"lazy\" decoding=\"async\" width=\"1024\" height=\"603\" src=\"https:\/\/fgvt.htwsaar.de\/site\/wp-content\/uploads\/2020\/12\/Stand-C-MobILE-1024x603.jpg\" alt=\"\" class=\"wp-image-2060\" srcset=\"https:\/\/fgvt.htwsaar.de\/site\/wp-content\/uploads\/2020\/12\/Stand-C-MobILE-1024x603.jpg 1024w, https:\/\/fgvt.htwsaar.de\/site\/wp-content\/uploads\/2020\/12\/Stand-C-MobILE-300x177.jpg 300w, https:\/\/fgvt.htwsaar.de\/site\/wp-content\/uploads\/2020\/12\/Stand-C-MobILE-768x452.jpg 768w, https:\/\/fgvt.htwsaar.de\/site\/wp-content\/uploads\/2020\/12\/Stand-C-MobILE-1536x905.jpg 1536w, https:\/\/fgvt.htwsaar.de\/site\/wp-content\/uploads\/2020\/12\/Stand-C-MobILE.jpg 1918w\" sizes=\"auto, (max-width: 1024px) 100vw, 1024px\" \/><\/figure>\n\n\n\n<figure class=\"wp-block-embed-youtube wp-block-embed is-type-video is-provider-youtube wp-embed-aspect-16-9 wp-has-aspect-ratio\"><div class=\"wp-block-embed__wrapper\">\n<iframe loading=\"lazy\" title=\"C-MobILE: Accelerating C-ITS Mobility Innovation and Deployment in Europe\" width=\"750\" height=\"422\" src=\"https:\/\/www.youtube.com\/embed\/ajwPrrHyscY?feature=oembed\" frameborder=\"0\" allow=\"accelerometer; autoplay; clipboard-write; encrypted-media; gyroscope; picture-in-picture\" allowfullscreen><\/iframe>\n<\/div><\/figure>\n\n\n\n<p><a href=\"https:\/\/route2025.expo-ip.com\/stand\/1107\" data-type=\"URL\" data-id=\"https:\/\/route2025.expo-ip.com\/stand\/1107\">Messestand von 5G CroCo<\/a>:<\/p>\n\n\n\n<figure class=\"wp-block-image size-large\"><img loading=\"lazy\" decoding=\"async\" width=\"1024\" height=\"535\" src=\"https:\/\/fgvt.htwsaar.de\/site\/wp-content\/uploads\/2020\/12\/Stand-5GCroCo-1024x535.jpg\" alt=\"\" class=\"wp-image-2078\" srcset=\"https:\/\/fgvt.htwsaar.de\/site\/wp-content\/uploads\/2020\/12\/Stand-5GCroCo-1024x535.jpg 1024w, https:\/\/fgvt.htwsaar.de\/site\/wp-content\/uploads\/2020\/12\/Stand-5GCroCo-300x157.jpg 300w, https:\/\/fgvt.htwsaar.de\/site\/wp-content\/uploads\/2020\/12\/Stand-5GCroCo-768x401.jpg 768w, https:\/\/fgvt.htwsaar.de\/site\/wp-content\/uploads\/2020\/12\/Stand-5GCroCo-1536x803.jpg 1536w, https:\/\/fgvt.htwsaar.de\/site\/wp-content\/uploads\/2020\/12\/Stand-5GCroCo.jpg 1712w\" sizes=\"auto, (max-width: 1024px) 100vw, 1024px\" \/><\/figure>\n\n\n\n<figure class=\"wp-block-embed-youtube wp-block-embed is-type-video is-provider-youtube wp-embed-aspect-16-9 wp-has-aspect-ratio\"><div class=\"wp-block-embed__wrapper\">\n<iframe loading=\"lazy\" title=\"5GCroCo: 5G for Cooperative, Connected and Automated Mobility\" width=\"750\" height=\"422\" src=\"https:\/\/www.youtube.com\/embed\/CM5mtdAop4o?feature=oembed\" frameborder=\"0\" allow=\"accelerometer; autoplay; clipboard-write; encrypted-media; gyroscope; picture-in-picture\" allowfullscreen><\/iframe>\n<\/div><\/figure>\n\n\n\n<p><\/p>\n\n\n\n<p><em>Infomaterialien zum Download:<\/em><\/p>\n\n\n\n<div class=\"wp-block-file\"><a href=\"https:\/\/fgvt.htwsaar.de\/site\/wp-content\/uploads\/2020\/12\/FiA_C-Mobile-leaflet_a4-26-11-2019_pages.pdf\">FiA_C-Mobile-leaflet<\/a><a href=\"https:\/\/fgvt.htwsaar.de\/site\/wp-content\/uploads\/2020\/12\/FiA_C-Mobile-leaflet_a4-26-11-2019_pages.pdf\" class=\"wp-block-file__button\" download>Herunterladen<\/a><\/div>\n\n\n\n<div class=\"wp-block-file\"><a href=\"https:\/\/fgvt.htwsaar.de\/site\/wp-content\/uploads\/2020\/12\/C-MOBILE_brochure_210x210_web.pdf\">C-MOBILE_brochure<\/a><a href=\"https:\/\/fgvt.htwsaar.de\/site\/wp-content\/uploads\/2020\/12\/C-MOBILE_brochure_210x210_web.pdf\" class=\"wp-block-file__button\" download>Herunterladen<\/a><\/div>\n","protected":false},"excerpt":{"rendered":"<p>Heute vertritt die Forschungsgruppe Verkehrstelematik das Projekt C-MobILE als auch 5G CroCo auf der virtuellen Auftaktveranstaltung Horizont Europa. Thema der Veranstaltung ist &#8222;Forschung und Innovation f\u00fcr ein besseres Europa &#8211; Chancen und Erwartungen aus saarl\u00e4ndischer Sicht&#8220; und dient der Darstellung von Horizont 2020 Projekten mit saarl\u00e4ndischer Beteiligung. Weiterhin wird das [&hellip;]<\/p>\n","protected":false},"author":9,"featured_media":2077,"comment_status":"closed","ping_status":"open","sticky":false,"template":"","format":"standard","meta":{"footnotes":""},"categories":[36],"tags":[102,104,103],"class_list":["post-2059","post","type-post","status-publish","format-standard","has-post-thumbnail","hentry","category-aktuelles","tag-c-mobile","tag-horizon-2020","tag-messe"],"_links":{"self":[{"href":"https:\/\/fgvt.htwsaar.de\/site\/wp-json\/wp\/v2\/posts\/2059","targetHints":{"allow":["GET"]}}],"collection":[{"href":"https:\/\/fgvt.htwsaar.de\/site\/wp-json\/wp\/v2\/posts"}],"about":[{"href":"https:\/\/fgvt.htwsaar.de\/site\/wp-json\/wp\/v2\/types\/post"}],"author":[{"embeddable":true,"href":"https:\/\/fgvt.htwsaar.de\/site\/wp-json\/wp\/v2\/users\/9"}],"replies":[{"embeddable":true,"href":"https:\/\/fgvt.htwsaar.de\/site\/wp-json\/wp\/v2\/comments?post=2059"}],"version-history":[{"count":3,"href":"https:\/\/fgvt.htwsaar.de\/site\/wp-json\/wp\/v2\/posts\/2059\/revisions"}],"predecessor-version":[{"id":2080,"href":"https:\/\/fgvt.htwsaar.de\/site\/wp-json\/wp\/v2\/posts\/2059\/revisions\/2080"}],"wp:featuredmedia":[{"embeddable":true,"href":"https:\/\/fgvt.htwsaar.de\/site\/wp-json\/wp\/v2\/media\/2077"}],"wp:attachment":[{"href":"https:\/\/fgvt.htwsaar.de\/site\/wp-json\/wp\/v2\/media?parent=2059"}],"wp:term":[{"taxonomy":"category","embeddable":true,"href":"https:\/\/fgvt.htwsaar.de\/site\/wp-json\/wp\/v2\/categories?post=2059"},{"taxonomy":"post_tag","embeddable":true,"href":"https:\/\/fgvt.htwsaar.de\/site\/wp-json\/wp\/v2\/tags?post=2059"}],"curies":[{"name":"wp","href":"https:\/\/api.w.org\/{rel}","templated":true}]}}