{"id":1922,"date":"2020-09-28T13:31:17","date_gmt":"2020-09-28T11:31:17","guid":{"rendered":"https:\/\/fgvt.htwsaar.de\/site\/?p=1922"},"modified":"2020-10-06T09:42:33","modified_gmt":"2020-10-06T07:42:33","slug":"feldtest-fuer-wasserstoffmobilitaet-im-saarland-startet","status":"publish","type":"post","link":"https:\/\/fgvt.htwsaar.de\/site\/feldtest-fuer-wasserstoffmobilitaet-im-saarland-startet\/","title":{"rendered":"Feldtest f\u00fcr Wasserstoffmobilit\u00e4t im Saarland startet"},"content":{"rendered":"\n<p><em>Wallerfangen, 24. September 2020<\/em><\/p>\n\n\n\n<p>Die Forschungsgruppe Verkehrstelematik der htw saar startet Feldtest f\u00fcr Wasserstoffmobilit\u00e4t. Am Donnerstag den 24.09.2020 wurde der Toyota Mirai in Wallerfangen an den ersten Teilnehmer des Feldtests \u00fcbergeben. Mit dem Projekt <a rel=\"noreferrer noopener\" href=\"https:\/\/fgvt.htwsaar.de\/site\/empower-2019-2021\/\" target=\"_blank\">EM:POWER<\/a> wird die praktische Umsetzbarkeit eines wasserstoffbetriebenen Fahrzeugs im Alltagsverkehr getestet. Von nun an wird das Fahrzeug w\u00f6chentlich einem anderen saarl\u00e4ndischen Haushalt f\u00fcr einen Zeitraum von einer Woche zur Verf\u00fcgung gestellt. Auf Basis dieses Feldversuchs erfolgt im Anschluss eine verkehrs\u00f6konomische Evaluation und eine Untersuchung der Technologieakzeptanz. \u00a0Das Forschungsprojekt wird hierbei durch die Staatskanzlei mit Landesmitteln und Geldern aus dem Europ\u00e4ischen Fonds f\u00fcr regionale Entwicklung EFRE finanziert.<\/p>\n\n\n\n<div class=\"wp-block-image\"><figure class=\"aligncenter size-full\"><img loading=\"lazy\" decoding=\"async\" width=\"1600\" height=\"1200\" src=\"https:\/\/fgvt.htwsaar.de\/site\/wp-content\/uploads\/2020\/09\/H2_Foto.jpg\" alt=\"\" class=\"wp-image-1923\" srcset=\"https:\/\/fgvt.htwsaar.de\/site\/wp-content\/uploads\/2020\/09\/H2_Foto.jpg 1600w, https:\/\/fgvt.htwsaar.de\/site\/wp-content\/uploads\/2020\/09\/H2_Foto-300x225.jpg 300w, https:\/\/fgvt.htwsaar.de\/site\/wp-content\/uploads\/2020\/09\/H2_Foto-1024x768.jpg 1024w, https:\/\/fgvt.htwsaar.de\/site\/wp-content\/uploads\/2020\/09\/H2_Foto-768x576.jpg 768w, https:\/\/fgvt.htwsaar.de\/site\/wp-content\/uploads\/2020\/09\/H2_Foto-1536x1152.jpg 1536w\" sizes=\"auto, (max-width: 1600px) 100vw, 1600px\" \/><figcaption>FGVT Wissenschaftliche Mitarbeiterin \u00fcbergibt den Schl\u00fcssel des Wasserstofftestfahrzeugs an den ersten Teilnehmer <\/figcaption><\/figure><\/div>\n\n\n\n<p><\/p>\n","protected":false},"excerpt":{"rendered":"<p>Wallerfangen, 24. September 2020 Die Forschungsgruppe Verkehrstelematik der htw saar startet Feldtest f\u00fcr Wasserstoffmobilit\u00e4t. Am Donnerstag den 24.09.2020 wurde der Toyota Mirai in Wallerfangen an den ersten Teilnehmer des Feldtests \u00fcbergeben. Mit dem Projekt EM:POWER wird die praktische Umsetzbarkeit eines wasserstoffbetriebenen Fahrzeugs im Alltagsverkehr getestet. Von nun an wird das [&hellip;]<\/p>\n","protected":false},"author":13,"featured_media":1923,"comment_status":"closed","ping_status":"open","sticky":false,"template":"","format":"standard","meta":{"footnotes":""},"categories":[36,1],"tags":[],"class_list":["post-1922","post","type-post","status-publish","format-standard","has-post-thumbnail","hentry","category-aktuelles","category-allgemein"],"_links":{"self":[{"href":"https:\/\/fgvt.htwsaar.de\/site\/wp-json\/wp\/v2\/posts\/1922","targetHints":{"allow":["GET"]}}],"collection":[{"href":"https:\/\/fgvt.htwsaar.de\/site\/wp-json\/wp\/v2\/posts"}],"about":[{"href":"https:\/\/fgvt.htwsaar.de\/site\/wp-json\/wp\/v2\/types\/post"}],"author":[{"embeddable":true,"href":"https:\/\/fgvt.htwsaar.de\/site\/wp-json\/wp\/v2\/users\/13"}],"replies":[{"embeddable":true,"href":"https:\/\/fgvt.htwsaar.de\/site\/wp-json\/wp\/v2\/comments?post=1922"}],"version-history":[{"count":3,"href":"https:\/\/fgvt.htwsaar.de\/site\/wp-json\/wp\/v2\/posts\/1922\/revisions"}],"predecessor-version":[{"id":1936,"href":"https:\/\/fgvt.htwsaar.de\/site\/wp-json\/wp\/v2\/posts\/1922\/revisions\/1936"}],"wp:featuredmedia":[{"embeddable":true,"href":"https:\/\/fgvt.htwsaar.de\/site\/wp-json\/wp\/v2\/media\/1923"}],"wp:attachment":[{"href":"https:\/\/fgvt.htwsaar.de\/site\/wp-json\/wp\/v2\/media?parent=1922"}],"wp:term":[{"taxonomy":"category","embeddable":true,"href":"https:\/\/fgvt.htwsaar.de\/site\/wp-json\/wp\/v2\/categories?post=1922"},{"taxonomy":"post_tag","embeddable":true,"href":"https:\/\/fgvt.htwsaar.de\/site\/wp-json\/wp\/v2\/tags?post=1922"}],"curies":[{"name":"wp","href":"https:\/\/api.w.org\/{rel}","templated":true}]}}