{"id":1055,"date":"2018-07-30T17:16:00","date_gmt":"2018-07-30T15:16:00","guid":{"rendered":"https:\/\/fgvt.htwsaar.de\/site\/?p=1055"},"modified":"2020-03-03T10:50:50","modified_gmt":"2020-03-03T09:50:50","slug":"alwis-schueler-sommercamp","status":"publish","type":"post","link":"https:\/\/fgvt.htwsaar.de\/site\/alwis-schueler-sommercamp\/","title":{"rendered":"ALWIS-Sch\u00fcler-Sommercamp"},"content":{"rendered":"\n<figure class=\"wp-block-image size-large\"><img loading=\"lazy\" decoding=\"async\" width=\"1024\" height=\"767\" src=\"https:\/\/fgvt.htwsaar.de\/site\/wp-content\/uploads\/2020\/02\/alwis-2-1024x767.jpg\" alt=\"\" class=\"wp-image-1072\" srcset=\"https:\/\/fgvt.htwsaar.de\/site\/wp-content\/uploads\/2020\/02\/alwis-2-1024x767.jpg 1024w, https:\/\/fgvt.htwsaar.de\/site\/wp-content\/uploads\/2020\/02\/alwis-2-300x225.jpg 300w, https:\/\/fgvt.htwsaar.de\/site\/wp-content\/uploads\/2020\/02\/alwis-2-768x575.jpg 768w, https:\/\/fgvt.htwsaar.de\/site\/wp-content\/uploads\/2020\/02\/alwis-2.jpg 1132w\" sizes=\"auto, (max-width: 1024px) 100vw, 1024px\" \/><\/figure>\n\n\n\n<p><em>Saarbr\u00fccken, 30. Juli 2018<\/em><\/p>\n\n\n\n<p><a rel=\"noreferrer noopener\" href=\"https:\/\/www.alwis-saarland.de\/\" target=\"_blank\">ALWIS e.V.<\/a>\n veranstaltet seit dem Jahr 2006 Sommercamps f\u00fcr saarl\u00e4ndische \nSch\u00fclerinnen und Sch\u00fcler der allgemeinbildenden weiterf\u00fchrenden Schulen.\n In Workshops, Vortr\u00e4gen und Betriebsbesichtigungen erfahren die jungen \nMenschen, was Berufsleben bedeutet und wie sie sich gezielt darauf \nvorbereiten k\u00f6nnen.<\/p>\n\n\n\n<p><a rel=\"noreferrer noopener\" href=\"https:\/\/www.alwis-saarland.de\/wp-content\/uploads\/2018\/03\/Flyer_ALWIS-SC18_Webversion.pdf\" target=\"_blank\">Dieses Jahr<\/a>\n besuchten einige Sch\u00fcler unsere Forschungsgruppe, um sich mit dem Thema\n vernetztes Fahren auseinanderzusetzen. Nach einem kurzen einf\u00fchrenden \nVortrag zur FGVT, folgte die Laborbesichtigung und die Darstellung des \nelektronischen Bremslichts anhand eines Tischausbaus in der Halle. \nAbschlie\u00dfend konnten die Sch\u00fcler\/innen an Testfahrten teilnehmen und die\n Use Cases \u2018Wrong-Way-Driver-Warning\u2019 und \u2018Broken-Down-Vehicle\u2019 auf dem \nGel\u00e4nde des InnovationsCampus\u2019 Saar selbst erleben.<\/p>\n\n\n\n<p>In diesem Zusammenhang m\u00f6chten wir \nunseren wissenschaftlichen Hilfskr\u00e4ften Adrian M\u00fcller, Juri Golanov und \nNader Salahi danken, die durch die entsprechende Vorbereitung und \nDurchf\u00fchrung wesentlich zum Erfolg dieses Besuchs beigetragen haben.<\/p>\n","protected":false},"excerpt":{"rendered":"<p>Saarbr\u00fccken, 30. Juli 2018 ALWIS e.V. veranstaltet seit dem Jahr 2006 Sommercamps f\u00fcr saarl\u00e4ndische Sch\u00fclerinnen und Sch\u00fcler der allgemeinbildenden weiterf\u00fchrenden Schulen. In Workshops, Vortr\u00e4gen und Betriebsbesichtigungen erfahren die jungen Menschen, was Berufsleben bedeutet und wie sie sich gezielt darauf vorbereiten k\u00f6nnen. Dieses Jahr besuchten einige Sch\u00fcler unsere Forschungsgruppe, um sich [&hellip;]<\/p>\n","protected":false},"author":5,"featured_media":0,"comment_status":"closed","ping_status":"open","sticky":false,"template":"","format":"standard","meta":{"footnotes":""},"categories":[1],"tags":[],"class_list":["post-1055","post","type-post","status-publish","format-standard","hentry","category-allgemein"],"_links":{"self":[{"href":"https:\/\/fgvt.htwsaar.de\/site\/wp-json\/wp\/v2\/posts\/1055","targetHints":{"allow":["GET"]}}],"collection":[{"href":"https:\/\/fgvt.htwsaar.de\/site\/wp-json\/wp\/v2\/posts"}],"about":[{"href":"https:\/\/fgvt.htwsaar.de\/site\/wp-json\/wp\/v2\/types\/post"}],"author":[{"embeddable":true,"href":"https:\/\/fgvt.htwsaar.de\/site\/wp-json\/wp\/v2\/users\/5"}],"replies":[{"embeddable":true,"href":"https:\/\/fgvt.htwsaar.de\/site\/wp-json\/wp\/v2\/comments?post=1055"}],"version-history":[{"count":2,"href":"https:\/\/fgvt.htwsaar.de\/site\/wp-json\/wp\/v2\/posts\/1055\/revisions"}],"predecessor-version":[{"id":1073,"href":"https:\/\/fgvt.htwsaar.de\/site\/wp-json\/wp\/v2\/posts\/1055\/revisions\/1073"}],"wp:attachment":[{"href":"https:\/\/fgvt.htwsaar.de\/site\/wp-json\/wp\/v2\/media?parent=1055"}],"wp:term":[{"taxonomy":"category","embeddable":true,"href":"https:\/\/fgvt.htwsaar.de\/site\/wp-json\/wp\/v2\/categories?post=1055"},{"taxonomy":"post_tag","embeddable":true,"href":"https:\/\/fgvt.htwsaar.de\/site\/wp-json\/wp\/v2\/tags?post=1055"}],"curies":[{"name":"wp","href":"https:\/\/api.w.org\/{rel}","templated":true}]}}